{"id":5802,"date":"2023-03-09T10:23:07","date_gmt":"2023-03-08T23:23:07","guid":{"rendered":"https:\/\/www.eijc.nc\/?p=5802"},"modified":"2023-03-09T10:23:07","modified_gmt":"2023-03-08T23:23:07","slug":"st-patricks-day-high-school","status":"publish","type":"post","link":"\/en\/2023\/03\/09\/st-patricks-day-high-school\/","title":{"rendered":"ST PATRICK&#8217;S DAY &#8211; HIGH SCHOOL!!!!"},"content":{"rendered":"<p>Nous c\u00e9l\u00e9brerons la Saint Patrick \u00e0 James Cook High School le vendredi 17 mars.\u00a0Cet \u00e9v\u00e9nement irlandais permet aux \u00e9l\u00e8ves de d\u00e9couvrir \u00a0une culture\u00a0diff\u00e9rente et de pratiquer la langue anglaise. Ils pourront \u00e9galement\u00a0renforcer l&#8217;esprit de coh\u00e9sion au sein du Coll\u00e8ge-Lyc\u00e9e.<\/p>\n<p>&nbsp;<\/p>\n<p><em>We will be celebrating St Patrick\u2019s day at James Cook High School on Friday 17th March. This supports students\u2019 learning in the English language and differing cultures, as well as reinforces the cohesive spirit within the school. \u00a0\u00a0<\/em><\/p>","protected":false},"excerpt":{"rendered":"<p>Nous c\u00e9l\u00e9brerons la Saint Patrick \u00e0 James Cook High School le vendredi 17 mars.\u00a0Cet \u00e9v\u00e9nement irlandais permet aux \u00e9l\u00e8ves de d\u00e9couvrir \u00a0une culture\u00a0diff\u00e9rente et de pratiquer la langue anglaise. Ils pourront \u00e9galement\u00a0renforcer l&#8217;esprit de coh\u00e9sion au sein du Coll\u00e8ge-Lyc\u00e9e. &nbsp; We will be celebrating St Patrick\u2019s day at James Cook High School on Friday 17th [&hellip;]<\/p>","protected":false},"author":4,"featured_media":0,"comment_status":"closed","ping_status":"closed","sticky":false,"template":"","format":"standard","meta":[],"categories":[166],"tags":[],"acf":[],"yoast_head":"<!-- This site is optimized with the Yoast SEO plugin v18.2 - https:\/\/yoast.com\/wordpress\/plugins\/seo\/ -->\n<title>ST PATRICK&#039;S DAY - HIGH SCHOOL!!!! - EIJC - James Cook<\/title>\n<meta name=\"robots\" content=\"index, follow, max-snippet:-1, max-image-preview:large, max-video-preview:-1\" \/>\n<link rel=\"canonical\" href=\"\/en\/2023\/03\/09\/st-patricks-day-high-school\/\" \/>\n<meta property=\"og:locale\" content=\"en_US\" \/>\n<meta property=\"og:type\" content=\"article\" \/>\n<meta property=\"og:title\" content=\"ST PATRICK&#039;S DAY - HIGH SCHOOL!!!! - EIJC - James Cook\" \/>\n<meta property=\"og:description\" content=\"Nous c\u00e9l\u00e9brerons la Saint Patrick \u00e0 James Cook High School le vendredi 17 mars.\u00a0Cet \u00e9v\u00e9nement irlandais permet aux \u00e9l\u00e8ves de d\u00e9couvrir \u00a0une culture\u00a0diff\u00e9rente et de pratiquer la langue anglaise. Ils pourront \u00e9galement\u00a0renforcer l&#8217;esprit de coh\u00e9sion au sein du Coll\u00e8ge-Lyc\u00e9e. &nbsp; We will be celebrating St Patrick\u2019s day at James Cook High School on Friday 17th [&hellip;]\" \/>\n<meta property=\"og:url\" content=\"\/en\/2023\/03\/09\/st-patricks-day-high-school\/\" \/>\n<meta property=\"og:site_name\" content=\"EIJC - James Cook\" \/>\n<meta property=\"article:published_time\" content=\"2023-03-08T23:23:07+00:00\" \/>\n<meta property=\"og:image\" content=\"https:\/\/www.eijc.nc\/wp-content\/uploads\/2023\/03\/ST.-PATRICKS-DAY-2023_page-0001-scaled.jpg\" \/>\n\t<meta property=\"og:image:width\" content=\"1810\" \/>\n\t<meta property=\"og:image:height\" content=\"2560\" \/>\n\t<meta property=\"og:image:type\" content=\"image\/jpeg\" \/>\n<meta name=\"twitter:card\" content=\"summary_large_image\" \/>\n<script type=\"application\/ld+json\" class=\"yoast-schema-graph\">{\"@context\":\"https:\/\/schema.org\",\"@graph\":[{\"@type\":\"WebSite\",\"@id\":\"https:\/\/www.eijc.nc\/#website\",\"url\":\"https:\/\/www.eijc.nc\/\",\"name\":\"EIJC - James Cook\",\"description\":\"Ecole internationale\",\"potentialAction\":[{\"@type\":\"SearchAction\",\"target\":{\"@type\":\"EntryPoint\",\"urlTemplate\":\"https:\/\/www.eijc.nc\/?s={search_term_string}\"},\"query-input\":\"required name=search_term_string\"}],\"inLanguage\":\"en-NZ\"},{\"@type\":\"WebPage\",\"@id\":\"https:\/\/www.eijc.nc\/2023\/03\/09\/st-patricks-day-high-school\/#webpage\",\"url\":\"https:\/\/www.eijc.nc\/2023\/03\/09\/st-patricks-day-high-school\/\",\"name\":\"ST PATRICK'S DAY - HIGH SCHOOL!!!! - EIJC - James Cook\",\"isPartOf\":{\"@id\":\"https:\/\/www.eijc.nc\/#website\"},\"datePublished\":\"2023-03-08T23:23:07+00:00\",\"dateModified\":\"2023-03-08T23:23:07+00:00\",\"author\":{\"@id\":\"https:\/\/www.eijc.nc\/#\/schema\/person\/5e1547e8649691c3020ed15966bc269b\"},\"breadcrumb\":{\"@id\":\"https:\/\/www.eijc.nc\/2023\/03\/09\/st-patricks-day-high-school\/#breadcrumb\"},\"inLanguage\":\"en-NZ\",\"potentialAction\":[{\"@type\":\"ReadAction\",\"target\":[\"https:\/\/www.eijc.nc\/2023\/03\/09\/st-patricks-day-high-school\/\"]}]},{\"@type\":\"BreadcrumbList\",\"@id\":\"https:\/\/www.eijc.nc\/2023\/03\/09\/st-patricks-day-high-school\/#breadcrumb\",\"itemListElement\":[{\"@type\":\"ListItem\",\"position\":1,\"name\":\"Accueil\",\"item\":\"https:\/\/www.eijc.nc\/\"},{\"@type\":\"ListItem\",\"position\":2,\"name\":\"ST PATRICK&#8217;S DAY &#8211; HIGH SCHOOL!!!!\"}]},{\"@type\":\"Person\",\"@id\":\"https:\/\/www.eijc.nc\/#\/schema\/person\/5e1547e8649691c3020ed15966bc269b\",\"name\":\"Amelie HS\",\"image\":{\"@type\":\"ImageObject\",\"@id\":\"https:\/\/www.eijc.nc\/#personlogo\",\"inLanguage\":\"en-NZ\",\"url\":\"https:\/\/secure.gravatar.com\/avatar\/437760448d5dc015f0333c0898a692ad?s=96&d=mm&r=g\",\"contentUrl\":\"https:\/\/secure.gravatar.com\/avatar\/437760448d5dc015f0333c0898a692ad?s=96&d=mm&r=g\",\"caption\":\"Amelie HS\"}}]}<\/script>\n<!-- \/ Yoast SEO plugin. -->","yoast_head_json":{"title":"ST PATRICK'S DAY - HIGH SCHOOL!!!! - EIJC - James Cook","robots":{"index":"index","follow":"follow","max-snippet":"max-snippet:-1","max-image-preview":"max-image-preview:large","max-video-preview":"max-video-preview:-1"},"canonical":"\/en\/2023\/03\/09\/st-patricks-day-high-school\/","og_locale":"en_US","og_type":"article","og_title":"ST PATRICK'S DAY - HIGH SCHOOL!!!! - EIJC - James Cook","og_description":"Nous c\u00e9l\u00e9brerons la Saint Patrick \u00e0 James Cook High School le vendredi 17 mars.\u00a0Cet \u00e9v\u00e9nement irlandais permet aux \u00e9l\u00e8ves de d\u00e9couvrir \u00a0une culture\u00a0diff\u00e9rente et de pratiquer la langue anglaise. Ils pourront \u00e9galement\u00a0renforcer l&#8217;esprit de coh\u00e9sion au sein du Coll\u00e8ge-Lyc\u00e9e. &nbsp; We will be celebrating St Patrick\u2019s day at James Cook High School on Friday 17th [&hellip;]","og_url":"\/en\/2023\/03\/09\/st-patricks-day-high-school\/","og_site_name":"EIJC - James Cook","article_published_time":"2023-03-08T23:23:07+00:00","og_image":[{"width":1810,"height":2560,"url":"https:\/\/www.eijc.nc\/wp-content\/uploads\/2023\/03\/ST.-PATRICKS-DAY-2023_page-0001-scaled.jpg","type":"image\/jpeg"}],"twitter_card":"summary_large_image","schema":{"@context":"https:\/\/schema.org","@graph":[{"@type":"WebSite","@id":"https:\/\/www.eijc.nc\/#website","url":"https:\/\/www.eijc.nc\/","name":"EIJC - James Cook","description":"Ecole internationale","potentialAction":[{"@type":"SearchAction","target":{"@type":"EntryPoint","urlTemplate":"https:\/\/www.eijc.nc\/?s={search_term_string}"},"query-input":"required name=search_term_string"}],"inLanguage":"en-NZ"},{"@type":"WebPage","@id":"https:\/\/www.eijc.nc\/2023\/03\/09\/st-patricks-day-high-school\/#webpage","url":"https:\/\/www.eijc.nc\/2023\/03\/09\/st-patricks-day-high-school\/","name":"ST PATRICK'S DAY - HIGH SCHOOL!!!! - EIJC - James Cook","isPartOf":{"@id":"https:\/\/www.eijc.nc\/#website"},"datePublished":"2023-03-08T23:23:07+00:00","dateModified":"2023-03-08T23:23:07+00:00","author":{"@id":"https:\/\/www.eijc.nc\/#\/schema\/person\/5e1547e8649691c3020ed15966bc269b"},"breadcrumb":{"@id":"https:\/\/www.eijc.nc\/2023\/03\/09\/st-patricks-day-high-school\/#breadcrumb"},"inLanguage":"en-NZ","potentialAction":[{"@type":"ReadAction","target":["https:\/\/www.eijc.nc\/2023\/03\/09\/st-patricks-day-high-school\/"]}]},{"@type":"BreadcrumbList","@id":"https:\/\/www.eijc.nc\/2023\/03\/09\/st-patricks-day-high-school\/#breadcrumb","itemListElement":[{"@type":"ListItem","position":1,"name":"Accueil","item":"https:\/\/www.eijc.nc\/"},{"@type":"ListItem","position":2,"name":"ST PATRICK&#8217;S DAY &#8211; HIGH SCHOOL!!!!"}]},{"@type":"Person","@id":"https:\/\/www.eijc.nc\/#\/schema\/person\/5e1547e8649691c3020ed15966bc269b","name":"Amelie HS","image":{"@type":"ImageObject","@id":"https:\/\/www.eijc.nc\/#personlogo","inLanguage":"en-NZ","url":"https:\/\/secure.gravatar.com\/avatar\/437760448d5dc015f0333c0898a692ad?s=96&d=mm&r=g","contentUrl":"https:\/\/secure.gravatar.com\/avatar\/437760448d5dc015f0333c0898a692ad?s=96&d=mm&r=g","caption":"Amelie HS"}}]}},"_links":{"self":[{"href":"\/en\/wp-json\/wp\/v2\/posts\/5802"}],"collection":[{"href":"\/en\/wp-json\/wp\/v2\/posts"}],"about":[{"href":"\/en\/wp-json\/wp\/v2\/types\/post"}],"author":[{"embeddable":true,"href":"\/en\/wp-json\/wp\/v2\/users\/4"}],"replies":[{"embeddable":true,"href":"\/en\/wp-json\/wp\/v2\/comments?post=5802"}],"version-history":[{"count":2,"href":"\/en\/wp-json\/wp\/v2\/posts\/5802\/revisions"}],"predecessor-version":[{"id":5806,"href":"\/en\/wp-json\/wp\/v2\/posts\/5802\/revisions\/5806"}],"wp:attachment":[{"href":"\/en\/wp-json\/wp\/v2\/media?parent=5802"}],"wp:term":[{"taxonomy":"category","embeddable":true,"href":"\/en\/wp-json\/wp\/v2\/categories?post=5802"},{"taxonomy":"post_tag","embeddable":true,"href":"\/en\/wp-json\/wp\/v2\/tags?post=5802"}],"curies":[{"name":"wp","href":"https:\/\/api.w.org\/{rel}","templated":true}]}}